{"id":2322,"date":"2016-08-31T19:00:19","date_gmt":"2016-08-31T19:00:19","guid":{"rendered":"http:\/\/www.servais-vzw.org\/fr\/feestweekend-servais-1866-2016\/"},"modified":"2016-09-25T15:35:25","modified_gmt":"2016-09-25T15:35:25","slug":"feestweekend-servais-1866-2016","status":"publish","type":"post","link":"https:\/\/www.servais-vzw.org\/fr\/feestweekend-servais-1866-2016\/","title":{"rendered":"Festivit\u00e9s d&rsquo;hommage Servais 1866-2016"},"content":{"rendered":"<p>Du vendredi 25 jusqu&rsquo;au 27 novembre 2016 nous comm\u00e9morerons la 150i\u00e8me anniversaire du d\u00e9c\u00e8s de Servais.<\/p>\n<p>Plus d&rsquo;infos sur la page <a href=\"http:\/\/www.servais-vzw.org\/fr\/servais-150-210\/\">Servais 150-210<\/a>.<\/p>\n<p><!--more--><\/p>\n","protected":false},"excerpt":{"rendered":"<p>Du vendredi 25 jusqu&rsquo;au 27 novembre 2016 nous comm\u00e9morerons la 150i\u00e8me anniversaire du d\u00e9c\u00e8s de Servais. Plus d&rsquo;infos sur la page Servais 150-210.<\/p>\n","protected":false},"author":1,"featured_media":1241,"comment_status":"closed","ping_status":"closed","sticky":false,"template":"","format":"standard","meta":{"om_disable_all_campaigns":false,"rs_blank_template":"","rs_page_bg_color":"","slide_template_v7":"","_uf_show_specific_survey":0,"_uf_disable_surveys":false,"footnotes":""},"categories":[12],"tags":[],"class_list":["post-2322","post","type-post","status-publish","format-standard","has-post-thumbnail","hentry","category-nieuws-fr"],"yoast_head":"<!-- This site is optimized with the Yoast SEO plugin v27.2 - https:\/\/yoast.com\/product\/yoast-seo-wordpress\/ -->\n<title>Festivit\u00e9s d&#039;hommage Servais 1866-2016 - Fran\u00e7ois Servais<\/title>\n<meta name=\"robots\" content=\"index, follow, max-snippet:-1, max-image-preview:large, max-video-preview:-1\" \/>\n<link rel=\"canonical\" href=\"http:\/\/www.servais-vzw.org\/fr\/feestweekend-servais-1866-2016\/\" \/>\n<meta property=\"og:locale\" content=\"fr_FR\" \/>\n<meta property=\"og:type\" content=\"article\" \/>\n<meta property=\"og:title\" content=\"Festivit\u00e9s d&#039;hommage Servais 1866-2016 - Fran\u00e7ois Servais\" \/>\n<meta property=\"og:description\" content=\"Du vendredi 25 jusqu&rsquo;au 27 novembre 2016 nous comm\u00e9morerons la 150i\u00e8me anniversaire du d\u00e9c\u00e8s de Servais. Plus d&rsquo;infos sur la page Servais 150-210.\" \/>\n<meta property=\"og:url\" content=\"http:\/\/www.servais-vzw.org\/fr\/feestweekend-servais-1866-2016\/\" \/>\n<meta property=\"og:site_name\" content=\"Fran\u00e7ois Servais\" \/>\n<meta property=\"article:published_time\" content=\"2016-08-31T19:00:19+00:00\" \/>\n<meta property=\"article:modified_time\" content=\"2016-09-25T15:35:25+00:00\" \/>\n<meta property=\"og:image\" content=\"http:\/\/www.servais-vzw.org\/wp-content\/uploads\/2016\/07\/standbeeld.jpg\" \/>\n\t<meta property=\"og:image:width\" content=\"475\" \/>\n\t<meta property=\"og:image:height\" content=\"584\" \/>\n\t<meta property=\"og:image:type\" content=\"image\/jpeg\" \/>\n<meta name=\"author\" content=\"Axel Jacobs\" \/>\n<meta name=\"twitter:card\" content=\"summary_large_image\" \/>\n<meta name=\"twitter:label1\" content=\"\u00c9crit par\" \/>\n\t<meta name=\"twitter:data1\" content=\"Axel Jacobs\" \/>\n<script type=\"application\/ld+json\" class=\"yoast-schema-graph\">{\"@context\":\"https:\/\/schema.org\",\"@graph\":[{\"@type\":\"Article\",\"@id\":\"http:\/\/www.servais-vzw.org\/fr\/feestweekend-servais-1866-2016\/#article\",\"isPartOf\":{\"@id\":\"http:\/\/www.servais-vzw.org\/fr\/feestweekend-servais-1866-2016\/\"},\"author\":{\"name\":\"Axel Jacobs\",\"@id\":\"https:\/\/www.servais-vzw.org\/en\/#\/schema\/person\/3188a78b836895edc7f059d789fb98f7\"},\"headline\":\"Festivit\u00e9s d&rsquo;hommage Servais 1866-2016\",\"datePublished\":\"2016-08-31T19:00:19+00:00\",\"dateModified\":\"2016-09-25T15:35:25+00:00\",\"mainEntityOfPage\":{\"@id\":\"http:\/\/www.servais-vzw.org\/fr\/feestweekend-servais-1866-2016\/\"},\"wordCount\":32,\"image\":{\"@id\":\"http:\/\/www.servais-vzw.org\/fr\/feestweekend-servais-1866-2016\/#primaryimage\"},\"thumbnailUrl\":\"https:\/\/www.servais-vzw.org\/wp-content\/uploads\/2016\/07\/standbeeld.jpg\",\"articleSection\":[\"nieuws\"],\"inLanguage\":\"fr-FR\"},{\"@type\":\"WebPage\",\"@id\":\"http:\/\/www.servais-vzw.org\/fr\/feestweekend-servais-1866-2016\/\",\"url\":\"http:\/\/www.servais-vzw.org\/fr\/feestweekend-servais-1866-2016\/\",\"name\":\"Festivit\u00e9s d'hommage Servais 1866-2016 - Fran\u00e7ois Servais\",\"isPartOf\":{\"@id\":\"https:\/\/www.servais-vzw.org\/en\/#website\"},\"primaryImageOfPage\":{\"@id\":\"http:\/\/www.servais-vzw.org\/fr\/feestweekend-servais-1866-2016\/#primaryimage\"},\"image\":{\"@id\":\"http:\/\/www.servais-vzw.org\/fr\/feestweekend-servais-1866-2016\/#primaryimage\"},\"thumbnailUrl\":\"https:\/\/www.servais-vzw.org\/wp-content\/uploads\/2016\/07\/standbeeld.jpg\",\"datePublished\":\"2016-08-31T19:00:19+00:00\",\"dateModified\":\"2016-09-25T15:35:25+00:00\",\"author\":{\"@id\":\"https:\/\/www.servais-vzw.org\/en\/#\/schema\/person\/3188a78b836895edc7f059d789fb98f7\"},\"breadcrumb\":{\"@id\":\"http:\/\/www.servais-vzw.org\/fr\/feestweekend-servais-1866-2016\/#breadcrumb\"},\"inLanguage\":\"fr-FR\",\"potentialAction\":[{\"@type\":\"ReadAction\",\"target\":[\"http:\/\/www.servais-vzw.org\/fr\/feestweekend-servais-1866-2016\/\"]}]},{\"@type\":\"ImageObject\",\"inLanguage\":\"fr-FR\",\"@id\":\"http:\/\/www.servais-vzw.org\/fr\/feestweekend-servais-1866-2016\/#primaryimage\",\"url\":\"https:\/\/www.servais-vzw.org\/wp-content\/uploads\/2016\/07\/standbeeld.jpg\",\"contentUrl\":\"https:\/\/www.servais-vzw.org\/wp-content\/uploads\/2016\/07\/standbeeld.jpg\",\"width\":475,\"height\":584},{\"@type\":\"BreadcrumbList\",\"@id\":\"http:\/\/www.servais-vzw.org\/fr\/feestweekend-servais-1866-2016\/#breadcrumb\",\"itemListElement\":[{\"@type\":\"ListItem\",\"position\":1,\"name\":\"Home\",\"item\":\"https:\/\/www.servais-vzw.org\/fr\/\"},{\"@type\":\"ListItem\",\"position\":2,\"name\":\"Festivit\u00e9s d&rsquo;hommage Servais 1866-2016\"}]},{\"@type\":\"WebSite\",\"@id\":\"https:\/\/www.servais-vzw.org\/en\/#website\",\"url\":\"https:\/\/www.servais-vzw.org\/en\/\",\"name\":\"Fran\u00e7ois Servais\",\"description\":\"\",\"potentialAction\":[{\"@type\":\"SearchAction\",\"target\":{\"@type\":\"EntryPoint\",\"urlTemplate\":\"https:\/\/www.servais-vzw.org\/en\/?s={search_term_string}\"},\"query-input\":{\"@type\":\"PropertyValueSpecification\",\"valueRequired\":true,\"valueName\":\"search_term_string\"}}],\"inLanguage\":\"fr-FR\"},{\"@type\":\"Person\",\"@id\":\"https:\/\/www.servais-vzw.org\/en\/#\/schema\/person\/3188a78b836895edc7f059d789fb98f7\",\"name\":\"Axel Jacobs\",\"image\":{\"@type\":\"ImageObject\",\"inLanguage\":\"fr-FR\",\"@id\":\"https:\/\/secure.gravatar.com\/avatar\/06a2da23095b99651740af1f29caa1458a972f07aede207b693060818d6fa906?s=96&d=mm&r=g\",\"url\":\"https:\/\/secure.gravatar.com\/avatar\/06a2da23095b99651740af1f29caa1458a972f07aede207b693060818d6fa906?s=96&d=mm&r=g\",\"contentUrl\":\"https:\/\/secure.gravatar.com\/avatar\/06a2da23095b99651740af1f29caa1458a972f07aede207b693060818d6fa906?s=96&d=mm&r=g\",\"caption\":\"Axel Jacobs\"},\"url\":\"https:\/\/www.servais-vzw.org\/fr\/author\/axel-jacobs\/\"}]}<\/script>\n<!-- \/ Yoast SEO plugin. -->","yoast_head_json":{"title":"Festivit\u00e9s d'hommage Servais 1866-2016 - Fran\u00e7ois Servais","robots":{"index":"index","follow":"follow","max-snippet":"max-snippet:-1","max-image-preview":"max-image-preview:large","max-video-preview":"max-video-preview:-1"},"canonical":"http:\/\/www.servais-vzw.org\/fr\/feestweekend-servais-1866-2016\/","og_locale":"fr_FR","og_type":"article","og_title":"Festivit\u00e9s d'hommage Servais 1866-2016 - Fran\u00e7ois Servais","og_description":"Du vendredi 25 jusqu&rsquo;au 27 novembre 2016 nous comm\u00e9morerons la 150i\u00e8me anniversaire du d\u00e9c\u00e8s de Servais. Plus d&rsquo;infos sur la page Servais 150-210.","og_url":"http:\/\/www.servais-vzw.org\/fr\/feestweekend-servais-1866-2016\/","og_site_name":"Fran\u00e7ois Servais","article_published_time":"2016-08-31T19:00:19+00:00","article_modified_time":"2016-09-25T15:35:25+00:00","og_image":[{"width":475,"height":584,"url":"http:\/\/www.servais-vzw.org\/wp-content\/uploads\/2016\/07\/standbeeld.jpg","type":"image\/jpeg"}],"author":"Axel Jacobs","twitter_card":"summary_large_image","twitter_misc":{"\u00c9crit par":"Axel Jacobs"},"schema":{"@context":"https:\/\/schema.org","@graph":[{"@type":"Article","@id":"http:\/\/www.servais-vzw.org\/fr\/feestweekend-servais-1866-2016\/#article","isPartOf":{"@id":"http:\/\/www.servais-vzw.org\/fr\/feestweekend-servais-1866-2016\/"},"author":{"name":"Axel Jacobs","@id":"https:\/\/www.servais-vzw.org\/en\/#\/schema\/person\/3188a78b836895edc7f059d789fb98f7"},"headline":"Festivit\u00e9s d&rsquo;hommage Servais 1866-2016","datePublished":"2016-08-31T19:00:19+00:00","dateModified":"2016-09-25T15:35:25+00:00","mainEntityOfPage":{"@id":"http:\/\/www.servais-vzw.org\/fr\/feestweekend-servais-1866-2016\/"},"wordCount":32,"image":{"@id":"http:\/\/www.servais-vzw.org\/fr\/feestweekend-servais-1866-2016\/#primaryimage"},"thumbnailUrl":"https:\/\/www.servais-vzw.org\/wp-content\/uploads\/2016\/07\/standbeeld.jpg","articleSection":["nieuws"],"inLanguage":"fr-FR"},{"@type":"WebPage","@id":"http:\/\/www.servais-vzw.org\/fr\/feestweekend-servais-1866-2016\/","url":"http:\/\/www.servais-vzw.org\/fr\/feestweekend-servais-1866-2016\/","name":"Festivit\u00e9s d'hommage Servais 1866-2016 - Fran\u00e7ois Servais","isPartOf":{"@id":"https:\/\/www.servais-vzw.org\/en\/#website"},"primaryImageOfPage":{"@id":"http:\/\/www.servais-vzw.org\/fr\/feestweekend-servais-1866-2016\/#primaryimage"},"image":{"@id":"http:\/\/www.servais-vzw.org\/fr\/feestweekend-servais-1866-2016\/#primaryimage"},"thumbnailUrl":"https:\/\/www.servais-vzw.org\/wp-content\/uploads\/2016\/07\/standbeeld.jpg","datePublished":"2016-08-31T19:00:19+00:00","dateModified":"2016-09-25T15:35:25+00:00","author":{"@id":"https:\/\/www.servais-vzw.org\/en\/#\/schema\/person\/3188a78b836895edc7f059d789fb98f7"},"breadcrumb":{"@id":"http:\/\/www.servais-vzw.org\/fr\/feestweekend-servais-1866-2016\/#breadcrumb"},"inLanguage":"fr-FR","potentialAction":[{"@type":"ReadAction","target":["http:\/\/www.servais-vzw.org\/fr\/feestweekend-servais-1866-2016\/"]}]},{"@type":"ImageObject","inLanguage":"fr-FR","@id":"http:\/\/www.servais-vzw.org\/fr\/feestweekend-servais-1866-2016\/#primaryimage","url":"https:\/\/www.servais-vzw.org\/wp-content\/uploads\/2016\/07\/standbeeld.jpg","contentUrl":"https:\/\/www.servais-vzw.org\/wp-content\/uploads\/2016\/07\/standbeeld.jpg","width":475,"height":584},{"@type":"BreadcrumbList","@id":"http:\/\/www.servais-vzw.org\/fr\/feestweekend-servais-1866-2016\/#breadcrumb","itemListElement":[{"@type":"ListItem","position":1,"name":"Home","item":"https:\/\/www.servais-vzw.org\/fr\/"},{"@type":"ListItem","position":2,"name":"Festivit\u00e9s d&rsquo;hommage Servais 1866-2016"}]},{"@type":"WebSite","@id":"https:\/\/www.servais-vzw.org\/en\/#website","url":"https:\/\/www.servais-vzw.org\/en\/","name":"Fran\u00e7ois Servais","description":"","potentialAction":[{"@type":"SearchAction","target":{"@type":"EntryPoint","urlTemplate":"https:\/\/www.servais-vzw.org\/en\/?s={search_term_string}"},"query-input":{"@type":"PropertyValueSpecification","valueRequired":true,"valueName":"search_term_string"}}],"inLanguage":"fr-FR"},{"@type":"Person","@id":"https:\/\/www.servais-vzw.org\/en\/#\/schema\/person\/3188a78b836895edc7f059d789fb98f7","name":"Axel Jacobs","image":{"@type":"ImageObject","inLanguage":"fr-FR","@id":"https:\/\/secure.gravatar.com\/avatar\/06a2da23095b99651740af1f29caa1458a972f07aede207b693060818d6fa906?s=96&d=mm&r=g","url":"https:\/\/secure.gravatar.com\/avatar\/06a2da23095b99651740af1f29caa1458a972f07aede207b693060818d6fa906?s=96&d=mm&r=g","contentUrl":"https:\/\/secure.gravatar.com\/avatar\/06a2da23095b99651740af1f29caa1458a972f07aede207b693060818d6fa906?s=96&d=mm&r=g","caption":"Axel Jacobs"},"url":"https:\/\/www.servais-vzw.org\/fr\/author\/axel-jacobs\/"}]}},"_links":{"self":[{"href":"https:\/\/www.servais-vzw.org\/fr\/wp-json\/wp\/v2\/posts\/2322","targetHints":{"allow":["GET"]}}],"collection":[{"href":"https:\/\/www.servais-vzw.org\/fr\/wp-json\/wp\/v2\/posts"}],"about":[{"href":"https:\/\/www.servais-vzw.org\/fr\/wp-json\/wp\/v2\/types\/post"}],"author":[{"embeddable":true,"href":"https:\/\/www.servais-vzw.org\/fr\/wp-json\/wp\/v2\/users\/1"}],"replies":[{"embeddable":true,"href":"https:\/\/www.servais-vzw.org\/fr\/wp-json\/wp\/v2\/comments?post=2322"}],"version-history":[{"count":4,"href":"https:\/\/www.servais-vzw.org\/fr\/wp-json\/wp\/v2\/posts\/2322\/revisions"}],"predecessor-version":[{"id":6750,"href":"https:\/\/www.servais-vzw.org\/fr\/wp-json\/wp\/v2\/posts\/2322\/revisions\/6750"}],"wp:featuredmedia":[{"embeddable":true,"href":"https:\/\/www.servais-vzw.org\/fr\/wp-json\/wp\/v2\/media\/1241"}],"wp:attachment":[{"href":"https:\/\/www.servais-vzw.org\/fr\/wp-json\/wp\/v2\/media?parent=2322"}],"wp:term":[{"taxonomy":"category","embeddable":true,"href":"https:\/\/www.servais-vzw.org\/fr\/wp-json\/wp\/v2\/categories?post=2322"},{"taxonomy":"post_tag","embeddable":true,"href":"https:\/\/www.servais-vzw.org\/fr\/wp-json\/wp\/v2\/tags?post=2322"}],"curies":[{"name":"wp","href":"https:\/\/api.w.org\/{rel}","templated":true}]}}